{"id":11755974,"date":"2026-07-01T13:29:39","date_gmt":"2026-07-01T17:29:39","guid":{"rendered":"https:\/\/grupopantanalms.com.br\/?p=11755974"},"modified":"2026-07-01T13:29:39","modified_gmt":"2026-07-01T17:29:39","slug":"corpo-carbonizado-e-encontrado-em-area-de-mata-no-bairro-guatos","status":"publish","type":"post","link":"https:\/\/bandfmcorumba.agoranoar.com.br\/index.php\/2026\/07\/01\/corpo-carbonizado-e-encontrado-em-area-de-mata-no-bairro-guatos\/","title":{"rendered":"Corpo carbonizado \u00e9 encontrado em \u00e1rea de mata no bairro Guat\u00f3s"},"content":{"rendered":"\n<p class=\"wp-block-paragraph\"><strong>Leonardo Cabral<\/strong>&nbsp;em 01 de Julho de 2026<\/p>\n\n\n\n<p class=\"wp-block-paragraph\">Foto enviada ao Di\u00e1rio Corumbaense<\/p>\n\n\n\n\n\n<p class=\"wp-block-paragraph\">Corpo de um homem, foi encontrado na manh\u00e3 desta quarta-feira, 1\u00ba de julho, na rua Major Gama esquina com a Rio Grande do Norte, no bairro Guat\u00f3s, parte alta de Corumb\u00e1.<\/p>\n\n\n\n<p class=\"wp-block-paragraph\">O cad\u00e1ver estava no meio de uma mata, atr\u00e1s de um galp\u00e3o. Ao&nbsp;<strong>Di\u00e1rio Corumbaense<\/strong>, o delegado adjunto da 1\u00b0 Delegacia de Pol\u00edcia Civil,&nbsp;Sidney Pinheiro de Queiroz, informou que o corpo estava com sinais de viol\u00eancia e carbonizado.&nbsp;&#8220;Foi desovado no local. Estava encoberto por sacos de lixo, sem roupas e com marcas de viol\u00eancia&#8221;, explicou.<\/p>\n\n\n\n<p class=\"wp-block-paragraph\">Di\u00e1rio Corumbaense<img decoding=\"async\" src=\"https:\/\/www.diarionline.com.br\/i.php?i=static\/arquivo\/2026-07\/corpo_usarrrrrrrrrrr-d695.jpg&amp;w=753\">Perguntado se o caso pode estar relacionado \u00e0 morte do policial Militar Marcelo Pimenta, na noite de ter\u00e7a-feira (30), o delegado disse: &#8220;N\u00e3o h\u00e1 nenhuma evid\u00eancia que relacione os fatos, j\u00e1 que a v\u00edtima foi morta h\u00e1 alguns dias&#8221;, explicou.<\/p>\n\n\n\n<p class=\"wp-block-paragraph\">O cad\u00e1ver foi recolhido por uma equipe de funer\u00e1ria e levado para o IMOL (Instituto de Medicina e Odontologia Legal) para exames e identifica\u00e7\u00e3o.<\/p>\n","protected":false},"excerpt":{"rendered":"<p>Leonardo Cabral&nbsp;em 01 de Julho de 2026 Foto enviada ao Di\u00e1rio Corumbaense Corpo de um homem, foi encontrado na manh\u00e3 desta quarta-feira, 1\u00ba de julho, na rua Major Gama esquina com a Rio Grande do Norte, no bairro Guat\u00f3s, parte alta de Corumb\u00e1. O cad\u00e1ver estava no meio de uma mata, atr\u00e1s de um galp\u00e3o. [&hellip;]<\/p>\n","protected":false},"author":1,"featured_media":11755975,"comment_status":"closed","ping_status":"open","sticky":false,"template":"","format":"standard","meta":{"footnotes":""},"categories":[2,3],"tags":[],"class_list":["post-11755974","post","type-post","status-publish","format-standard","has-post-thumbnail","hentry","category-corumba","category-destaque"],"_links":{"self":[{"href":"https:\/\/bandfmcorumba.agoranoar.com.br\/index.php\/wp-json\/wp\/v2\/posts\/11755974","targetHints":{"allow":["GET"]}}],"collection":[{"href":"https:\/\/bandfmcorumba.agoranoar.com.br\/index.php\/wp-json\/wp\/v2\/posts"}],"about":[{"href":"https:\/\/bandfmcorumba.agoranoar.com.br\/index.php\/wp-json\/wp\/v2\/types\/post"}],"author":[{"embeddable":true,"href":"https:\/\/bandfmcorumba.agoranoar.com.br\/index.php\/wp-json\/wp\/v2\/users\/1"}],"replies":[{"embeddable":true,"href":"https:\/\/bandfmcorumba.agoranoar.com.br\/index.php\/wp-json\/wp\/v2\/comments?post=11755974"}],"version-history":[{"count":0,"href":"https:\/\/bandfmcorumba.agoranoar.com.br\/index.php\/wp-json\/wp\/v2\/posts\/11755974\/revisions"}],"wp:featuredmedia":[{"embeddable":true,"href":"https:\/\/bandfmcorumba.agoranoar.com.br\/index.php\/wp-json\/wp\/v2\/media\/11755975"}],"wp:attachment":[{"href":"https:\/\/bandfmcorumba.agoranoar.com.br\/index.php\/wp-json\/wp\/v2\/media?parent=11755974"}],"wp:term":[{"taxonomy":"category","embeddable":true,"href":"https:\/\/bandfmcorumba.agoranoar.com.br\/index.php\/wp-json\/wp\/v2\/categories?post=11755974"},{"taxonomy":"post_tag","embeddable":true,"href":"https:\/\/bandfmcorumba.agoranoar.com.br\/index.php\/wp-json\/wp\/v2\/tags?post=11755974"}],"curies":[{"name":"wp","href":"https:\/\/api.w.org\/{rel}","templated":true}]}}