{"id":11755946,"date":"2026-07-01T06:24:14","date_gmt":"2026-07-01T10:24:14","guid":{"rendered":"https:\/\/grupopantanalms.com.br\/?p=11755946"},"modified":"2026-07-01T06:24:14","modified_gmt":"2026-07-01T10:24:14","slug":"policial-militar-morre-apos-ser-baleado-durante-perseguicao-em-corumba","status":"publish","type":"post","link":"https:\/\/bandfmcorumba.agoranoar.com.br\/index.php\/2026\/07\/01\/policial-militar-morre-apos-ser-baleado-durante-perseguicao-em-corumba\/","title":{"rendered":"Policial Militar morre ap\u00f3s ser baleado durante persegui\u00e7\u00e3o em Corumb\u00e1"},"content":{"rendered":"\n<p class=\"wp-block-paragraph\"><strong>Leonardo Cabral e Rosana Nunes<\/strong>&nbsp;em 30 de Junho de 2026<\/p>\n\n\n\n<p class=\"wp-block-paragraph\">O policial militar Marcelo Pimenta, lotado no 6\u00ba Batalh\u00e3o da PM de Corumb\u00e1, morreu na noite desta ter\u00e7a-feira (30) ap\u00f3s ser atingido por disparos, provavelmente de fuzil, durante uma persegui\u00e7\u00e3o policial no bairro Centro Am\u00e9rica.<\/p>\n\n\n\n<p class=\"wp-block-paragraph\">O policial foi baleado por volta das 19h28, na rua Totico de Medeiros. Os tiros atingiram a cabe\u00e7a, t\u00f3rax e bra\u00e7o. Segundo informa\u00e7\u00f5es apuradas pelo&nbsp;<strong>Di\u00e1rio Corumbaense<\/strong>, Marcelo integrava equipe do Getam (Grupamento Especial T\u00e1tico de Motos) que tentava interceptar um ve\u00edculo Fiat Argo ocupado por homens armados, quando foi atingido pelos disparos.<\/p>\n\n\n\n<p class=\"wp-block-paragraph\">Imagens que circulam nas redes sociais mostram o momento em que o policial perde o controle da motocicleta e cai ao solo ap\u00f3s ser alvejado. A cena tamb\u00e9m registra duas pessoas &#8211; um homem e uma mulher &#8211; saindo correndo de um ve\u00edculo de cor preta que estava no local.<\/p>\n\n\n\n<p class=\"wp-block-paragraph\">Policiais que participavam da ocorr\u00eancia iniciaram imediatamente os primeiros atendimentos e realizaram manobras de reanima\u00e7\u00e3o. Marcelo Pimenta foi encaminhado ao Pronto-Socorro, onde deu entrada em parada cardiorrespirat\u00f3ria. Ele foi levado para cirurgia, mas sofreu uma nova parada durante o procedimento e n\u00e3o resistiu aos ferimentos.&nbsp;<\/p>\n\n\n\n<p class=\"wp-block-paragraph\"><\/p>\n\n\n\n<p class=\"wp-block-paragraph\">Momento em que os criminosos abrem fogo contra port\u00e3o de resid\u00eancia, em Lad\u00e1rioAntes do confronto em Corumb\u00e1, os ocupantes do ve\u00edculo de cor prata foram at\u00e9 Lad\u00e1rio, e fizeram diversos disparos contra uma resid\u00eancia localizada em uma alameda pr\u00f3xima \u00e0 pra\u00e7a do bairro Almirante Tamandar\u00e9.<\/p>\n\n\n\n<p class=\"wp-block-paragraph\">Conforme apurado, nenhum morador da casa foi atingido. Os tiros teriam acertado apenas o port\u00e3o do im\u00f3vel. No momento do ataque, havia crian\u00e7as brincando na pra\u00e7a e moradores em frente \u00e0s casas, mas n\u00e3o houve registro de feridos.<\/p>\n\n\n\n<p class=\"wp-block-paragraph\">Ap\u00f3s o acionamento da Pol\u00edcia Militar, equipes iniciaram a persegui\u00e7\u00e3o ao ve\u00edculo, que seguiu em dire\u00e7\u00e3o a Corumb\u00e1. Na rua Totico de Medeiros, ocorreu o ataque que vitimou o soldado Marcelo Pimenta.<\/p>\n\n\n\n<p class=\"wp-block-paragraph\"><\/p>\n\n\n\n<p class=\"wp-block-paragraph\">O policial militar Marcelo PimentaA Pol\u00edcia Militar realiza buscas em v\u00e1rios pontos da regi\u00e3o para localizar os envolvidos no crime. Agentes da Pol\u00edcia Federal tamb\u00e9m refor\u00e7am as dilig\u00eancias, inclusive na regi\u00e3o de fronteira com a Bol\u00edvia.<\/p>\n\n\n\n<p class=\"wp-block-paragraph\">Marcelo Pimenta ingressou na corpora\u00e7\u00e3o em agosto de 2025. Antes de se tornar policial militar, ele trabalhou como cinegrafista na TV Morena, em Corumb\u00e1. Durante o per\u00edodo de prepara\u00e7\u00e3o para o concurso e forma\u00e7\u00e3o policial, chegou a realizar rifas para custear a forma\u00e7\u00e3o policial.&nbsp;<\/p>\n\n\n\n<figure class=\"wp-block-image size-full\"><img loading=\"lazy\" decoding=\"async\" width=\"450\" height=\"293\" src=\"https:\/\/bandfmcorumba.agoranoar.com.br\/wp-content\/uploads\/2026\/07\/marcelo-1.jpg\" alt=\"\" class=\"wp-image-11755947\" srcset=\"https:\/\/bandfmcorumba.agoranoar.com.br\/wp-content\/uploads\/2026\/07\/marcelo-1.jpg 450w, https:\/\/bandfmcorumba.agoranoar.com.br\/wp-content\/uploads\/2026\/07\/marcelo-1-300x195.jpg 300w\" sizes=\"auto, (max-width: 450px) 100vw, 450px\" \/><\/figure>\n\n\n\n<p class=\"wp-block-paragraph\">O policial militar Marcelo Pimenta<\/p>\n\n\n\n<figure class=\"wp-block-video\"><video height=\"832\" style=\"aspect-ratio: 464 \/ 832;\" width=\"464\" controls src=\"https:\/\/bandfmcorumba.agoranoar.com.br\/wp-content\/uploads\/2026\/07\/WhatsApp-Video-2026-06-30-at-22.42.58-1.mp4\"><\/video><\/figure>\n\n\n\n\n\n<figure class=\"wp-block-video\"><video height=\"864\" style=\"aspect-ratio: 480 \/ 864;\" width=\"480\" controls src=\"https:\/\/bandfmcorumba.agoranoar.com.br\/wp-content\/uploads\/2026\/07\/WhatsApp-Video-2026-07-01-at-06.37.46-1.mp4\"><\/video><\/figure>\n","protected":false},"excerpt":{"rendered":"<p>Leonardo Cabral e Rosana Nunes&nbsp;em 30 de Junho de 2026 O policial militar Marcelo Pimenta, lotado no 6\u00ba Batalh\u00e3o da PM de Corumb\u00e1, morreu na noite desta ter\u00e7a-feira (30) ap\u00f3s ser atingido por disparos, provavelmente de fuzil, durante uma persegui\u00e7\u00e3o policial no bairro Centro Am\u00e9rica. O policial foi baleado por volta das 19h28, na rua [&hellip;]<\/p>\n","protected":false},"author":1,"featured_media":11755948,"comment_status":"closed","ping_status":"open","sticky":false,"template":"","format":"standard","meta":{"footnotes":""},"categories":[2,3],"tags":[],"class_list":["post-11755946","post","type-post","status-publish","format-standard","has-post-thumbnail","hentry","category-corumba","category-destaque"],"_links":{"self":[{"href":"https:\/\/bandfmcorumba.agoranoar.com.br\/index.php\/wp-json\/wp\/v2\/posts\/11755946","targetHints":{"allow":["GET"]}}],"collection":[{"href":"https:\/\/bandfmcorumba.agoranoar.com.br\/index.php\/wp-json\/wp\/v2\/posts"}],"about":[{"href":"https:\/\/bandfmcorumba.agoranoar.com.br\/index.php\/wp-json\/wp\/v2\/types\/post"}],"author":[{"embeddable":true,"href":"https:\/\/bandfmcorumba.agoranoar.com.br\/index.php\/wp-json\/wp\/v2\/users\/1"}],"replies":[{"embeddable":true,"href":"https:\/\/bandfmcorumba.agoranoar.com.br\/index.php\/wp-json\/wp\/v2\/comments?post=11755946"}],"version-history":[{"count":0,"href":"https:\/\/bandfmcorumba.agoranoar.com.br\/index.php\/wp-json\/wp\/v2\/posts\/11755946\/revisions"}],"wp:featuredmedia":[{"embeddable":true,"href":"https:\/\/bandfmcorumba.agoranoar.com.br\/index.php\/wp-json\/wp\/v2\/media\/11755948"}],"wp:attachment":[{"href":"https:\/\/bandfmcorumba.agoranoar.com.br\/index.php\/wp-json\/wp\/v2\/media?parent=11755946"}],"wp:term":[{"taxonomy":"category","embeddable":true,"href":"https:\/\/bandfmcorumba.agoranoar.com.br\/index.php\/wp-json\/wp\/v2\/categories?post=11755946"},{"taxonomy":"post_tag","embeddable":true,"href":"https:\/\/bandfmcorumba.agoranoar.com.br\/index.php\/wp-json\/wp\/v2\/tags?post=11755946"}],"curies":[{"name":"wp","href":"https:\/\/api.w.org\/{rel}","templated":true}]}}